{"id":5570,"date":"2020-01-31T16:15:38","date_gmt":"2020-01-31T15:15:38","guid":{"rendered":"http:\/\/185.10.48.84\/~pbenieuw\/?p=5570"},"modified":"2020-02-03T13:22:24","modified_gmt":"2020-02-03T12:22:24","slug":"pratique-des-lunettes-adaptees-a-chaque-situation","status":"publish","type":"post","link":"https:\/\/blog.pearle.be\/fr\/lunettes\/pratique-des-lunettes-adaptees-a-chaque-situation\/","title":{"rendered":"Pratique ! Des lunettes adapt\u00e9es \u00e0 chaque situation"},"content":{"rendered":"\n<p><strong>En tant que fervent porteur de lunettes, vous poss\u00e9dez sans aucun doute une paire de lunettes pour un usage quotidien. Vous les mettez d\u00e8s que vous vous levez le matin et vous les enlevez quand vous vous dormez. Il est donc tout \u00e0 fait logique que dans certaines situations, vos lunettes quotidiennes ne soient pas la meilleure solution. <em>Profitez d\u00e8s maintenant de <a href=\"https:\/\/www.pearle.be\/fr_BE\/actions\/action-du-mois\">notre action 3 pour 1 sur les lunettes<\/a><\/em> et achetez une paire de lunettes pour des situations sp\u00e9cifiques, o\u00f9 une paire de lunettes personnalis\u00e9e est absolument appreci\u00e9e ! Comme dans les situations suivantes.<\/strong><\/p>\n\n\n\n<figure class=\"wp-block-image\"><a href=\"https:\/\/www.pearle.be\/fr_BE\/actions\/action-du-mois\" target=\"_blank\" rel=\"noreferrer noopener\"><img loading=\"lazy\" decoding=\"async\" width=\"1024\" height=\"116\" src=\"http:\/\/185.10.48.84\/~pbenieuw\/wp-content\/uploads\/2020\/01\/202001-3pour1banner-1024x116.jpeg\" alt=\"\" class=\"wp-image-5619\" srcset=\"https:\/\/blog.pearle.be\/wp-content\/uploads\/2020\/01\/202001-3pour1banner-1024x116.jpeg 1024w, https:\/\/blog.pearle.be\/wp-content\/uploads\/2020\/01\/202001-3pour1banner-300x34.jpeg 300w, https:\/\/blog.pearle.be\/wp-content\/uploads\/2020\/01\/202001-3pour1banner.jpeg 1840w, https:\/\/blog.pearle.be\/wp-content\/uploads\/2020\/01\/202001-3pour1banner-300x34@2x.jpeg 600w\" sizes=\"(max-width: 1024px) 100vw, 1024px\" \/><\/a><\/figure>\n\n\n\n<h2 class=\"wp-block-heading\"><strong>Au\ntravail<\/strong><\/h2>\n\n\n\n<p>Vous ne pouvez pas vous passer de vos lunettes au\ntravail \u00e9galement, surtout si vous travaillez sur un ordinateur. Mais \u00e0 la fin\nd\u2019une journ\u00e9e de travail, vous ressentez tout de m\u00eame une fatigue et un\npicotement au niveau des yeux. Ou peut-\u00eatre m\u00eame une raideur de la nuque ou une\nl\u00e9g\u00e8re migraine.<\/p>\n\n\n\n<p>Malgr\u00e9 la correction de vos lunettes progressives ou\nde lecture, vos yeux doivent fournir trop d\u2019efforts pour obtenir la vision la\nplus nette. Voici ce qu\u2019il en est :<\/p>\n\n\n\n<ul class=\"wp-block-list\"><li>Des lunettes de lecture offrent une vision optimale \u00e0 une distance de 30 \u00e0 40 centim\u00e8tres seulement. Cette distance est trop courte pour une vue claire de l\u2019\u00e9cran.<\/li><li>Des lunettes progressives sont munies de deux zones de vision      optimales : la premi\u00e8re pour une vision de pr\u00e8s et la seconde pour une      vision de loin. La zone de vision comprise entre les deux est tr\u00e8s      \u00e9troite, raison pour laquelle vous adoptez une position non naturelle pour pouvoir b\u00e9n\u00e9ficier d\u2019une vue claire de l\u2019\u00e9cran.<\/li><\/ul>\n\n\n\n<p>La solution ?&nbsp;<a href=\"https:\/\/www.pearle.be\/fr_BE\/lunettes\/d-ordinateur\">Des lunettes d\u2019ordinateur<\/a>&nbsp;! Ces lunettes sont sp\u00e9cialement con\u00e7ues pour un\ntravail sur ordinateur. Les verres de lunettes sont meul\u00e9s \u00e0 vue pour&nbsp;<strong>une vision nette du clavier et de l\u2019\u00e9cran<\/strong>. Vous adoptez une bonne posture de travail et \u00e9vitez\nainsi des sympt\u00f4mes comme la migraine ainsi qu\u2019une douleur aux niveaux des\n\u00e9paules et du cou.<\/p>\n\n\n\n<p>Saviez-vous que vous pouvez munir des\nlunettes d\u2019ordinateur de notre&nbsp;<em>blue coating<\/em>&nbsp;sp\u00e9cial ? Ce coating neutralise la lumi\u00e8re bleue\nde votre \u00e9cran et pr\u00e9vient ainsi plusieurs malaises li\u00e9s \u00e0 l\u2019utilisation d\u2019un\ngrand \u00e9cran&nbsp;: fatigue oculaire, perturbations du sommeil, mal de t\u00eate etc.<\/p>\n\n\n\n<p style=\"text-align:center\"><em><strong>Vous voulez conna\u00eetre le type de lunettes qui vous convient le mieux ?<\/strong><\/em><\/p>\n\n\n\n<p style=\"text-align:center\"><div class=\"artikel-btn\" style=\"text-align: center;\"><a class=\"button\" href=\"https:\/\/www.pearle.be\/fr_BE\/fixez-un-rendez-vous\" rel=\"noopener\">Prenez un rendez-vous chez votre opticien Pearle <\/a><\/div><\/p>\n\n\n\n<h2 class=\"wp-block-heading\"><strong>En\nvoiture<\/strong><\/h2>\n\n\n\n<p>Vos lunettes sont&nbsp;<strong>au moins aussi importantes<\/strong>&nbsp;que votre cl\u00e9 de voiture lorsque vous montez\ndans votre voiture. La cl\u00e9 vous permet de d\u00e9marrer votre voiture et vos\nlunettes vous offrent une vision nette. De cette fa\u00e7on, vous \u00e9vitez les\nsituations dangereuses sur la route dues \u00e0 une mauvaise visibilit\u00e9 et vous\nconduisez correctement car vous pouvez lire les panneaux de signalisation.<\/p>\n\n\n\n<p>Mais une bonne visibilit\u00e9 ne sert \u00e0 rien\nsi vous \u00eates aveugl\u00e9(e) par un soleil bas. Voil\u00e0 pourquoi des&nbsp;<a href=\"https:\/\/www.pearle.be\/fr_BE\/solaires\/solaires-adaptes-a-votre-vue\">solaires \u00e0 vue<\/a>&nbsp;munies de verres polaris\u00e9s sont indispensables\ndans votre voiture.<\/p>\n\n\n\n<p>Des verres polaris\u00e9s sont sp\u00e9cialement con\u00e7us pour\n\u00e9viter tout \u00e9blouissement caus\u00e9 par un soleil bas. Ces verres r\u00e9duisent\nl\u2019intensit\u00e9 de la lumi\u00e8re pour que vous ne soyez plus g\u00ean\u00e9(e) par des reflets\nlumineux. Ces verres sont \u00e9galement utiles lorsqu\u2019il a plu ou neig\u00e9 !<\/p>\n\n\n\n<p>Mais une bonne visibilit\u00e9 ne sert \u00e0 rien\nsi vous \u00eates aveugl\u00e9(e) par un soleil bas. Voil\u00e0 pourquoi des&nbsp;<a href=\"https:\/\/www.pearle.be\/fr_BE\/solaires\/solaires-adaptes-a-votre-vue\">solaires \u00e0 vue<\/a>&nbsp;munies de verres polaris\u00e9s sont indispensables\ndans votre voiture. Des verres polaris\u00e9s sont sp\u00e9cialement con\u00e7us pour \u00e9viter\ntout \u00e9blouissement caus\u00e9 par un soleil bas. Ces verres r\u00e9duisent l\u2019intensit\u00e9 de\nla lumi\u00e8re pour que vous ne soyez plus g\u00ean\u00e9(e) par des reflets lumineux. Ces\nverres sont \u00e9galement utiles lorsqu\u2019il a plu ou neig\u00e9 !<\/p>\n\n\n\n<h2 class=\"wp-block-heading\"><strong>Lors\nd\u2019une f\u00eate<\/strong><\/h2>\n\n\n\n<p>Une belle f\u00eate est pr\u00e9vue ! Vous avez\nachet\u00e9 une tenue de f\u00eate sp\u00e9cialement pour l\u2019occasion. Mais qu\u2019en est-il de vos\nlunettes ? Allez-vous porter vos lunettes quotidiennes (que tout le monde\nconna\u00eet d\u00e9j\u00e0), allez-vous opter pour des&nbsp;<a href=\"https:\/\/www.pearle.be\/fr_BE\/lentilles\">lentilles de contact<\/a>&nbsp;ou\u2026<\/p>\n\n\n\n<p>Allez-vous porter des lunettes adapt\u00e9es qui sont un\npeu plus spectaculaires et qui accentuent votre style&nbsp;?<\/p>\n\n\n\n<p>Bon choix, surtout si vos lunettes sont votre&nbsp;<em>signature<\/em>. Optez pour une monture plus grande, une couleur vive ou un peu de brillance. Vous pouvez ainsi rendre votre look aussi extravagant, chic et festif que vous le souhaitez ! Vous voulez obtenir un avant-go\u00fbt des possibilit\u00e9s offertes par Pearle&nbsp;? D\u00e9couvrez dans ce cas notre&nbsp;<a href=\"https:\/\/www.pearle.be\/fr_BE\/lunettes\">large collection de lunettes<\/a>&nbsp;en ligne !<\/p>\n\n\n\n<p style=\"text-align:center\"><strong><em>Quelles sont les lunettes les mieux adapt\u00e9es \u00e0 votre style de vie ?<\/em><\/strong><\/p>\n\n\n\n<div class=\"artikel-btn\" style=\"text-align: center;\"><a class=\"button\" href=\"https:\/\/www.pearle.be\/fr_BE\/conseils-lunettes\" rel=\"noopener\">Faites le test<\/a><\/div>\n\n\n\n<br><br>\n\n\n\n<figure class=\"wp-block-image\"><a href=\"https:\/\/www.pearle.be\/fr_BE\/actions\/action-du-mois\" target=\"_blank\" rel=\"noreferrer noopener\"><img loading=\"lazy\" decoding=\"async\" width=\"1024\" height=\"116\" src=\"http:\/\/185.10.48.84\/~pbenieuw\/wp-content\/uploads\/2020\/01\/202001-3pour1banner-1024x116.jpeg\" alt=\"\" class=\"wp-image-5619\" srcset=\"https:\/\/blog.pearle.be\/wp-content\/uploads\/2020\/01\/202001-3pour1banner-1024x116.jpeg 1024w, https:\/\/blog.pearle.be\/wp-content\/uploads\/2020\/01\/202001-3pour1banner-300x34.jpeg 300w, https:\/\/blog.pearle.be\/wp-content\/uploads\/2020\/01\/202001-3pour1banner.jpeg 1840w, https:\/\/blog.pearle.be\/wp-content\/uploads\/2020\/01\/202001-3pour1banner-300x34@2x.jpeg 600w\" sizes=\"(max-width: 1024px) 100vw, 1024px\" \/><\/a><\/figure>\n","protected":false},"excerpt":{"rendered":"<p>En tant que fervent porteur de lunettes, vous poss\u00e9dez sans aucun doute une paire de lunettes pour un usage quotidien. Vous les mettez d\u00e8s que vous vous levez le matin et vous les enlevez quand vous vous dormez. Il est donc tout \u00e0 fait logique que dans certaines situations, vos lunettes quotidiennes ne soient pas<\/p>\n<div class=\"read-more\"><a href=\"https:\/\/blog.pearle.be\/fr\/lunettes\/pratique-des-lunettes-adaptees-a-chaque-situation\/\" title=\"Read More\">Lees meer<i class=\"icon icon-angle-right\"><\/i><\/a><\/div>\n","protected":false},"author":2,"featured_media":5293,"comment_status":"closed","ping_status":"closed","sticky":false,"template":"","format":"standard","meta":{"_acf_changed":false,"jetpack_post_was_ever_published":false,"_jetpack_newsletter_access":"","_jetpack_dont_email_post_to_subs":false,"_jetpack_newsletter_tier_id":0,"_jetpack_memberships_contains_paywalled_content":false,"_jetpack_memberships_contains_paid_content":false,"footnotes":""},"categories":[19],"tags":[],"class_list":{"0":"post-5570","1":"post","2":"type-post","3":"status-publish","4":"format-standard","5":"has-post-thumbnail","7":"category-lunettes"},"acf":[],"yoast_head":"<!-- This site is optimized with the Yoast SEO plugin v23.4 - https:\/\/yoast.com\/wordpress\/plugins\/seo\/ -->\n<title>Pratique ! Des lunettes adapt\u00e9es \u00e0 chaque situation - Pearle Opticiens Blog<\/title>\n<meta name=\"description\" content=\"Pour quelques situations, il faut mieux avoir des lunettes adapt\u00e9es. D\u00e9couvrez ici quelles lunettes peuvent vous aider dans quelle situation et pourquoi.\" \/>\n<meta name=\"robots\" content=\"index, follow, max-snippet:-1, max-image-preview:large, max-video-preview:-1\" \/>\n<link rel=\"canonical\" href=\"https:\/\/blog.pearle.be\/fr\/lunettes\/pratique-des-lunettes-adaptees-a-chaque-situation\/\" \/>\n<meta property=\"og:locale\" content=\"fr_FR\" \/>\n<meta property=\"og:type\" content=\"article\" \/>\n<meta property=\"og:title\" content=\"Pratique ! Des lunettes adapt\u00e9es \u00e0 chaque situation - Pearle Opticiens Blog\" \/>\n<meta property=\"og:description\" content=\"Pour quelques situations, il faut mieux avoir des lunettes adapt\u00e9es. D\u00e9couvrez ici quelles lunettes peuvent vous aider dans quelle situation et pourquoi.\" \/>\n<meta property=\"og:url\" content=\"https:\/\/blog.pearle.be\/fr\/lunettes\/pratique-des-lunettes-adaptees-a-chaque-situation\/\" \/>\n<meta property=\"og:site_name\" content=\"Pearle Opticiens Blog\" \/>\n<meta property=\"article:published_time\" content=\"2020-01-31T15:15:38+00:00\" \/>\n<meta property=\"article:modified_time\" content=\"2020-02-03T12:22:24+00:00\" \/>\n<meta property=\"og:image\" content=\"https:\/\/blog.pearle.be\/wp-content\/uploads\/2019\/08\/Meisjes-in-auto-met-zonnebril-header-1.jpg\" \/>\n\t<meta property=\"og:image:width\" content=\"867\" \/>\n\t<meta property=\"og:image:height\" content=\"420\" \/>\n\t<meta property=\"og:image:type\" content=\"image\/jpeg\" \/>\n<meta name=\"author\" content=\"pearle opticiens\" \/>\n<meta name=\"twitter:card\" content=\"summary_large_image\" \/>\n<meta name=\"twitter:label1\" content=\"\u00c9crit par\" \/>\n\t<meta name=\"twitter:data1\" content=\"pearle opticiens\" \/>\n\t<meta name=\"twitter:label2\" content=\"Dur\u00e9e de lecture est.\" \/>\n\t<meta name=\"twitter:data2\" content=\"4 minutes\" \/>\n<script type=\"application\/ld+json\" class=\"yoast-schema-graph\">{\"@context\":\"https:\/\/schema.org\",\"@graph\":[{\"@type\":\"WebPage\",\"@id\":\"https:\/\/blog.pearle.be\/fr\/lunettes\/pratique-des-lunettes-adaptees-a-chaque-situation\/\",\"url\":\"https:\/\/blog.pearle.be\/fr\/lunettes\/pratique-des-lunettes-adaptees-a-chaque-situation\/\",\"name\":\"Pratique ! Des lunettes adapt\u00e9es \u00e0 chaque situation - Pearle Opticiens Blog\",\"isPartOf\":{\"@id\":\"https:\/\/blog.pearle.be\/nl\/#website\"},\"primaryImageOfPage\":{\"@id\":\"https:\/\/blog.pearle.be\/fr\/lunettes\/pratique-des-lunettes-adaptees-a-chaque-situation\/#primaryimage\"},\"image\":{\"@id\":\"https:\/\/blog.pearle.be\/fr\/lunettes\/pratique-des-lunettes-adaptees-a-chaque-situation\/#primaryimage\"},\"thumbnailUrl\":\"https:\/\/blog.pearle.be\/wp-content\/uploads\/2019\/08\/Meisjes-in-auto-met-zonnebril-header-1.jpg\",\"datePublished\":\"2020-01-31T15:15:38+00:00\",\"dateModified\":\"2020-02-03T12:22:24+00:00\",\"author\":{\"@id\":\"https:\/\/blog.pearle.be\/nl\/#\/schema\/person\/1fa49826d86dd48e7184a756d7af5361\"},\"description\":\"Pour quelques situations, il faut mieux avoir des lunettes adapt\u00e9es. D\u00e9couvrez ici quelles lunettes peuvent vous aider dans quelle situation et pourquoi.\",\"inLanguage\":\"fr-BE\",\"potentialAction\":[{\"@type\":\"ReadAction\",\"target\":[\"https:\/\/blog.pearle.be\/fr\/lunettes\/pratique-des-lunettes-adaptees-a-chaque-situation\/\"]}]},{\"@type\":\"ImageObject\",\"inLanguage\":\"fr-BE\",\"@id\":\"https:\/\/blog.pearle.be\/fr\/lunettes\/pratique-des-lunettes-adaptees-a-chaque-situation\/#primaryimage\",\"url\":\"https:\/\/blog.pearle.be\/wp-content\/uploads\/2019\/08\/Meisjes-in-auto-met-zonnebril-header-1.jpg\",\"contentUrl\":\"https:\/\/blog.pearle.be\/wp-content\/uploads\/2019\/08\/Meisjes-in-auto-met-zonnebril-header-1.jpg\",\"width\":867,\"height\":420},{\"@type\":\"WebSite\",\"@id\":\"https:\/\/blog.pearle.be\/nl\/#website\",\"url\":\"https:\/\/blog.pearle.be\/nl\/\",\"name\":\"Pearle Opticiens Blog\",\"description\":\"\",\"potentialAction\":[{\"@type\":\"SearchAction\",\"target\":{\"@type\":\"EntryPoint\",\"urlTemplate\":\"https:\/\/blog.pearle.be\/nl\/?s={search_term_string}\"},\"query-input\":{\"@type\":\"PropertyValueSpecification\",\"valueRequired\":true,\"valueName\":\"search_term_string\"}}],\"inLanguage\":\"fr-BE\"},{\"@type\":\"Person\",\"@id\":\"https:\/\/blog.pearle.be\/nl\/#\/schema\/person\/1fa49826d86dd48e7184a756d7af5361\",\"name\":\"pearle opticiens\",\"image\":{\"@type\":\"ImageObject\",\"inLanguage\":\"fr-BE\",\"@id\":\"https:\/\/blog.pearle.be\/nl\/#\/schema\/person\/image\/\",\"url\":\"https:\/\/secure.gravatar.com\/avatar\/8aac2f8044141708c95b03b4b1927f5a?s=96&d=mm&r=g\",\"contentUrl\":\"https:\/\/secure.gravatar.com\/avatar\/8aac2f8044141708c95b03b4b1927f5a?s=96&d=mm&r=g\",\"caption\":\"pearle opticiens\"},\"url\":\"https:\/\/blog.pearle.be\/fr\/author\/johnny\/\"}]}<\/script>\n<!-- \/ Yoast SEO plugin. -->","yoast_head_json":{"title":"Pratique ! Des lunettes adapt\u00e9es \u00e0 chaque situation - Pearle Opticiens Blog","description":"Pour quelques situations, il faut mieux avoir des lunettes adapt\u00e9es. D\u00e9couvrez ici quelles lunettes peuvent vous aider dans quelle situation et pourquoi.","robots":{"index":"index","follow":"follow","max-snippet":"max-snippet:-1","max-image-preview":"max-image-preview:large","max-video-preview":"max-video-preview:-1"},"canonical":"https:\/\/blog.pearle.be\/fr\/lunettes\/pratique-des-lunettes-adaptees-a-chaque-situation\/","og_locale":"fr_FR","og_type":"article","og_title":"Pratique ! Des lunettes adapt\u00e9es \u00e0 chaque situation - Pearle Opticiens Blog","og_description":"Pour quelques situations, il faut mieux avoir des lunettes adapt\u00e9es. D\u00e9couvrez ici quelles lunettes peuvent vous aider dans quelle situation et pourquoi.","og_url":"https:\/\/blog.pearle.be\/fr\/lunettes\/pratique-des-lunettes-adaptees-a-chaque-situation\/","og_site_name":"Pearle Opticiens Blog","article_published_time":"2020-01-31T15:15:38+00:00","article_modified_time":"2020-02-03T12:22:24+00:00","og_image":[{"width":867,"height":420,"url":"https:\/\/blog.pearle.be\/wp-content\/uploads\/2019\/08\/Meisjes-in-auto-met-zonnebril-header-1.jpg","type":"image\/jpeg"}],"author":"pearle opticiens","twitter_card":"summary_large_image","twitter_misc":{"\u00c9crit par":"pearle opticiens","Dur\u00e9e de lecture est.":"4 minutes"},"schema":{"@context":"https:\/\/schema.org","@graph":[{"@type":"WebPage","@id":"https:\/\/blog.pearle.be\/fr\/lunettes\/pratique-des-lunettes-adaptees-a-chaque-situation\/","url":"https:\/\/blog.pearle.be\/fr\/lunettes\/pratique-des-lunettes-adaptees-a-chaque-situation\/","name":"Pratique ! Des lunettes adapt\u00e9es \u00e0 chaque situation - Pearle Opticiens Blog","isPartOf":{"@id":"https:\/\/blog.pearle.be\/nl\/#website"},"primaryImageOfPage":{"@id":"https:\/\/blog.pearle.be\/fr\/lunettes\/pratique-des-lunettes-adaptees-a-chaque-situation\/#primaryimage"},"image":{"@id":"https:\/\/blog.pearle.be\/fr\/lunettes\/pratique-des-lunettes-adaptees-a-chaque-situation\/#primaryimage"},"thumbnailUrl":"https:\/\/blog.pearle.be\/wp-content\/uploads\/2019\/08\/Meisjes-in-auto-met-zonnebril-header-1.jpg","datePublished":"2020-01-31T15:15:38+00:00","dateModified":"2020-02-03T12:22:24+00:00","author":{"@id":"https:\/\/blog.pearle.be\/nl\/#\/schema\/person\/1fa49826d86dd48e7184a756d7af5361"},"description":"Pour quelques situations, il faut mieux avoir des lunettes adapt\u00e9es. D\u00e9couvrez ici quelles lunettes peuvent vous aider dans quelle situation et pourquoi.","inLanguage":"fr-BE","potentialAction":[{"@type":"ReadAction","target":["https:\/\/blog.pearle.be\/fr\/lunettes\/pratique-des-lunettes-adaptees-a-chaque-situation\/"]}]},{"@type":"ImageObject","inLanguage":"fr-BE","@id":"https:\/\/blog.pearle.be\/fr\/lunettes\/pratique-des-lunettes-adaptees-a-chaque-situation\/#primaryimage","url":"https:\/\/blog.pearle.be\/wp-content\/uploads\/2019\/08\/Meisjes-in-auto-met-zonnebril-header-1.jpg","contentUrl":"https:\/\/blog.pearle.be\/wp-content\/uploads\/2019\/08\/Meisjes-in-auto-met-zonnebril-header-1.jpg","width":867,"height":420},{"@type":"WebSite","@id":"https:\/\/blog.pearle.be\/nl\/#website","url":"https:\/\/blog.pearle.be\/nl\/","name":"Pearle Opticiens Blog","description":"","potentialAction":[{"@type":"SearchAction","target":{"@type":"EntryPoint","urlTemplate":"https:\/\/blog.pearle.be\/nl\/?s={search_term_string}"},"query-input":{"@type":"PropertyValueSpecification","valueRequired":true,"valueName":"search_term_string"}}],"inLanguage":"fr-BE"},{"@type":"Person","@id":"https:\/\/blog.pearle.be\/nl\/#\/schema\/person\/1fa49826d86dd48e7184a756d7af5361","name":"pearle opticiens","image":{"@type":"ImageObject","inLanguage":"fr-BE","@id":"https:\/\/blog.pearle.be\/nl\/#\/schema\/person\/image\/","url":"https:\/\/secure.gravatar.com\/avatar\/8aac2f8044141708c95b03b4b1927f5a?s=96&d=mm&r=g","contentUrl":"https:\/\/secure.gravatar.com\/avatar\/8aac2f8044141708c95b03b4b1927f5a?s=96&d=mm&r=g","caption":"pearle opticiens"},"url":"https:\/\/blog.pearle.be\/fr\/author\/johnny\/"}]}},"jetpack_sharing_enabled":true,"jetpack_featured_media_url":"https:\/\/blog.pearle.be\/wp-content\/uploads\/2019\/08\/Meisjes-in-auto-met-zonnebril-header-1.jpg","jetpack_shortlink":"https:\/\/wp.me\/p9xp9E-1rQ","_links":{"self":[{"href":"https:\/\/blog.pearle.be\/fr\/wp-json\/wp\/v2\/posts\/5570\/"}],"collection":[{"href":"https:\/\/blog.pearle.be\/fr\/wp-json\/wp\/v2\/posts\/"}],"about":[{"href":"https:\/\/blog.pearle.be\/fr\/wp-json\/wp\/v2\/types\/post\/"}],"author":[{"embeddable":true,"href":"https:\/\/blog.pearle.be\/fr\/wp-json\/wp\/v2\/users\/2\/"}],"replies":[{"embeddable":true,"href":"https:\/\/blog.pearle.be\/fr\/wp-json\/wp\/v2\/comments\/?post=5570"}],"version-history":[{"count":20,"href":"https:\/\/blog.pearle.be\/fr\/wp-json\/wp\/v2\/posts\/5570\/revisions\/"}],"predecessor-version":[{"id":5653,"href":"https:\/\/blog.pearle.be\/fr\/wp-json\/wp\/v2\/posts\/5570\/revisions\/5653\/"}],"wp:featuredmedia":[{"embeddable":true,"href":"https:\/\/blog.pearle.be\/fr\/wp-json\/wp\/v2\/media\/5293\/"}],"wp:attachment":[{"href":"https:\/\/blog.pearle.be\/fr\/wp-json\/wp\/v2\/media\/?parent=5570"}],"wp:term":[{"taxonomy":"category","embeddable":true,"href":"https:\/\/blog.pearle.be\/fr\/wp-json\/wp\/v2\/categories\/?post=5570"},{"taxonomy":"post_tag","embeddable":true,"href":"https:\/\/blog.pearle.be\/fr\/wp-json\/wp\/v2\/tags\/?post=5570"}],"curies":[{"name":"wp","href":"https:\/\/api.w.org\/{rel}","templated":true}]}}