{"id":5345,"date":"2019-09-18T16:15:42","date_gmt":"2019-09-18T14:15:42","guid":{"rendered":"http:\/\/185.10.48.84\/~pbenieuw\/?p=5345"},"modified":"2022-12-12T11:16:04","modified_gmt":"2022-12-12T10:16:04","slug":"des-problemes-avec-vos-nouvelles-lunettes","status":"publish","type":"post","link":"https:\/\/blog.pearle.be\/fr\/premiereslunettes\/des-problemes-avec-vos-nouvelles-lunettes\/","title":{"rendered":"Habituez \u00e0 de nouvelles lunettes ? Conseils et astuces !"},"content":{"rendered":"\n<p><strong>Une nouvelle paire de lunettes n&rsquo;est pas toujours exempte de r\u00e9clamations. Apr\u00e8s tout, vos yeux doivent s&rsquo;habituer \u00e0 cette nouvelle fa\u00e7on de voir. Vous pouvez alors souffrir de maux de t\u00eate, de naus\u00e9es ou de vertiges pendant un certain temps. Mais combien de temps dure cette p\u00e9riode d&rsquo;adaptation, pouvez-vous y faire quelque chose et que devez-vous faire si les plaintes persistent ?<\/strong><\/p>\n\n\n\n<p>Apr\u00e8s une <a href=\"https:\/\/www.pearle.be\/fr_BE\/test-de-vue\">mesure approfondie de l&rsquo;\u0153il<\/a>, l&rsquo;opticien sait de quelle force vous avez besoin pour une vision parfaite. Vous choisissez une belle monture et l&rsquo;opticien aff\u00fbte les verres en fonction de votre force. Apr\u00e8s une semaine, vos nouvelles lunettes sont pr\u00eates pour vous.<\/p>\n\n\n\n<p>Mais d\u00e8s que vous prenez vos lunettes et les utilisez pour la premi\u00e8re fois, vous pouvez vous sentir un peu mal \u00e0 l&rsquo;aise. Ou, apr\u00e8s un certain temps, vous pourriez avoir un gigantesque mal de t\u00eate. C&rsquo;est mauvais et qu&rsquo;en est-il ?<\/p>\n\n\n\n<p>Dans ce blog, nous r\u00e9pondons aux questions suivantes :<\/p>\n\n\n\n<ul class=\"wp-block-list\">\n<li><a href=\"https:\/\/blog.pearle.be\/fr\/premiereslunettes\/des-problemes-avec-vos-nouvelles-lunettes\/#combien-de-temps\">Combien de temps faut-il pour s&rsquo;habituer \u00e0 de nouvelles lunettes ?<\/a><\/li>\n\n\n\n<li><a href=\"https:\/\/blog.pearle.be\/fr\/premiereslunettes\/des-problemes-avec-vos-nouvelles-lunettes\/#pourquoi\">Pourquoi faut-il s&rsquo;habituer \u00e0 de nouvelles lunettes ?<\/a><\/li>\n\n\n\n<li><a href=\"https:\/\/blog.pearle.be\/fr\/premiereslunettes\/des-problemes-avec-vos-nouvelles-lunettes\/#plaintes\">Que faire en cas de plaintes telles que maux de t\u00eate, naus\u00e9es et vertiges ?<\/a><\/li>\n\n\n\n<li><a href=\"https:\/\/blog.pearle.be\/fr\/premiereslunettes\/des-problemes-avec-vos-nouvelles-lunettes\/#ne-pas-habituer\">Que faire quand on n&rsquo;arrive pas \u00e0 s&rsquo;habituer \u00e0 ses nouvelles lunettes ?<\/a><\/li>\n<\/ul>\n\n\n\n<p class=\"has-text-align-center\"><em>Vos yeux ne sont toujours pas habitu\u00e9s \u00e0 vos nouvelles lunettes apr\u00e8s 3 \u00e0 4 semaines ? Alors arr\u00eatez-vous dans un Pearle pr\u00e8s de chez vous. Nos opticiens se feront un plaisir de v\u00e9rifier vos nouvelles lunettes !<\/em><\/p>\n\n\n\n<div class=\"artikel-btn\" style=\"text-align: center;\"><a class=\"button\" href=\"https:\/\/www.pearle.be\/fr_BE\/fixez-un-rendez-vous\" rel=\"noopener\">Prenez un rendez-vous<\/a><\/div>\n\n\n\n<p><\/p>\n\n\n<div class=\"wp-block-image\">\n<figure class=\"aligncenter\"><img decoding=\"async\" src=\"https:\/\/blog.pearle.nl\/wp-content\/uploads\/2019\/05\/2019-PNL-klachten-nieuwe-bril-1-525x350.jpg\" alt=\"Vrouw bij oogmeting van een opticien\" class=\"wp-image-10287\"\/><\/figure><\/div>\n\n\n<a name=\"combien-de-temps\"><\/a>\n\n\n\n<h2 class=\"wp-block-heading\"><strong>Combien de temps faut-il pour s&rsquo;habituer \u00e0 une nouvelle paire de lunettes ?<\/strong><\/h2>\n\n\n\n<p>Vous portez de nouvelles lunettes ? Ensuite, vos yeux ont besoin d&rsquo;un peu de temps pour s&rsquo;habituer \u00e0 la nouvelle situation. Cette p\u00e9riode d&rsquo;adaptation prend souvent de <strong>quelques jours \u00e0 trois semaines<\/strong>, en fonction de vos yeux et de la situation.<\/p>\n\n\n\n<h3 class=\"wp-block-heading\"><strong>S&rsquo;habituer aux lunettes \u00e0 usage unique (de pr\u00e8s ou de loin)<\/strong><\/h3>\n\n\n\n<p>Avec des <a href=\"https:\/\/www.pearle.be\/fr_BE\/lunettes\/unifocales\">lunettes unifocales<\/a>, vous devez vous habituer \u00e0 voir la distance pour laquelle les lunettes ne corrigent pas. Les lunettes pour la vision de loin (force n\u00e9gative) am\u00e9liorent la vision de loin, mais d\u00e9t\u00e9riorent probablement la vision de pr\u00e8s. Apr\u00e8s environ <strong>une semaine<\/strong>, cette plainte s&rsquo;estompera et vous pourrez \u00e0 nouveau voir clairement \u00e0 toutes les distances.<\/p>\n\n\n\n<h3 class=\"wp-block-heading\"><strong>S&rsquo;habituer aux lunettes progressives (varifocales)<\/strong><\/h3>\n\n\n\n<p>Il faut s&rsquo;habituer aux <a href=\"https:\/\/www.pearle.be\/fr_BE\/lunettes\/multifocales\">lunettes progressives<\/a>, car les verres am\u00e9liorent la vision \u00e0 toutes les distances. Vos yeux doivent lutter pour enregistrer correctement la progression entre les forces. Cette p\u00e9riode dure au maximum<strong> trois semaines<\/strong> si vous portez les lunettes en permanence. Plus la diff\u00e9rence entre les pouvoirs est grande, plus la p\u00e9riode d&rsquo;adaptation est longue.<\/p>\n\n\n\n<h3 class=\"wp-block-heading\"><strong>S&rsquo;habituer aux lunettes avec cylindre (pour l&rsquo;astigmatisme)<\/strong><\/h3>\n\n\n\n<p>Vous \u00eates <a href=\"https:\/\/www.pearle.be\/fr_BE\/soin-oculaire\/astigmatisme\">astigmate<\/a> et portez des lunettes avec une force cylindrique ? Au d\u00e9but, vous verrez probablement une image d\u00e9form\u00e9e. Il devient alors beaucoup plus difficile de monter ou de descendre les escaliers. Au bout d&rsquo;un certain temps, vos yeux (et votre cerveau) seront capables de traiter la correction correctement. Apr\u00e8s <strong>une \u00e0 trois semaines<\/strong>, vos yeux seront habitu\u00e9s \u00e0 vos lunettes \u00e0 cylindre.<\/p>\n\n\n\n<h3 class=\"wp-block-heading\"><strong>S&rsquo;habituer \u00e0 sa premi\u00e8re paire de lunettes<\/strong><\/h3>\n\n\n\n<p>Portez-vous des lunettes pour la premi\u00e8re fois ? Il faut ensuite un certain temps pour que le centre visuel de votre cerveau s&rsquo;habitue \u00e0 la nouvelle situation. Souvent, cela ne prend pas plus de <strong>trois semaines<\/strong>. \u00cates-vous pass\u00e9 \u00e0 un autre type de lentilles ou avez-vous r\u00e9cemment commenc\u00e9 \u00e0 porter des lentilles de prescription diff\u00e9rentes ? Vos yeux ont souvent besoin d&rsquo;un peu de temps pour s&rsquo;y habituer aussi.<\/p>\n\n\n\n<h3 class=\"wp-block-heading\"><strong>S&rsquo;habituer \u00e0 passer des lentilles de contact aux lunettes<\/strong><\/h3>\n\n\n\n<p>Le verre des lunettes est plus \u00e9loign\u00e9 de votre \u0153il qu&rsquo;une <a href=\"https:\/\/www.pearle.be\/fr_BE\/lentilles\">lentille de contact<\/a>. Par cons\u00e9quent, vous constatez parfois des diff\u00e9rences dans la taille des images. Cette plainte est plus fr\u00e9quente avec les lentilles de forte puissance, mais peut \u00e9galement se produire avec des lentilles de moindre puissance. Lorsque vous passez des lentilles aux lunettes, vos yeux doivent s&rsquo;habituer \u00e0 la nouvelle situation pendant un certain temps. Pendant cette p\u00e9riode d&rsquo;adaptation, essayez de ne pas porter vos lentilles entre les deux. Cela oblige vos yeux \u00e0 s&rsquo;adapter en permanence et ralentit le processus d&rsquo;ajustement.<\/p>\n\n\n\n<p>Conseil : la solidit\u00e9 de vos lunettes est souvent diff\u00e9rente de celle de vos lentilles. Vous passez des lentilles de contact aux lunettes ou vice versa ? Alors venez toujours pour une nouvelle <a href=\"https:\/\/www.pearle.be\/fr_BE\/test-de-vue\">mesure des yeux<\/a>. De cette fa\u00e7on, vous pouvez \u00eatre s\u00fbr que vous porterez bient\u00f4t des lunettes ou des lentilles avec la bonne puissance. Vous voulez savoir si les <a href=\"https:\/\/www.pearle.be\/fr_BE\/quiz\/lentilles\">lunettes ou les lentilles<\/a> vous conviennent ? Alors, r\u00e9pondez au questionnaire.&nbsp;<\/p>\n\n\n<div class=\"wp-block-image\">\n<figure class=\"aligncenter\"><img decoding=\"async\" src=\"https:\/\/blog.pearle.nl\/wp-content\/uploads\/2019\/05\/2019-PNL-klachten-nieuwe-bril-2-1-525x350.jpg\" alt=\"\" class=\"wp-image-10295\"\/><\/figure><\/div>\n\n\n<a name=\"pourquoi\"><\/a>\n\n\n\n<h2 class=\"wp-block-heading\"><strong>Pourquoi faut-il s&rsquo;habituer \u00e0 de nouvelles lunettes ?<\/strong><\/h2>\n\n\n\n<p>Lorsque votre vision se d\u00e9t\u00e9riore, vos yeux doivent travailler davantage pour accommoder (mettre au point) l&rsquo;image. Ils travaillent dur pour vous fournir la meilleure image possible. Les lunettes corrigent cette d\u00e9t\u00e9rioration, ce qui signifie que vos yeux doivent soudainement travailler moins fort. Un monde de diff\u00e9rence et aussi une situation \u00e0 laquelle ils doivent s&rsquo;habituer.<\/p>\n\n\n\n<a name=\"plaintes\"><\/a>\n\n\n\n<h2 class=\"wp-block-heading\"><strong>Que faire en cas de plaintes telles que maux de t\u00eate, naus\u00e9es ou vertiges ?<\/strong><\/h2>\n\n\n\n<p>Portez-vous des <a href=\"https:\/\/www.pearle.be\/fr_BE\/lunettes\">lunettes<\/a> pour la premi\u00e8re fois, avez-vous choisi des verres diff\u00e9rents ou la puissance de la correction visuelle a-t-elle chang\u00e9 ? Ensuite, vos yeux ont besoin d&rsquo;un certain temps pour s&rsquo;habituer \u00e0 la nouvelle solution visuelle. Cela provoque parfois des maux de t\u00eate, des naus\u00e9es et\/ou des vertiges. La visibilit\u00e9 peut m\u00eame se d\u00e9grader temporairement. Heureusement, ces plaintes disparaissent apr\u00e8s quelques jours (ou semaines). Avez-vous encore des sympt\u00f4mes apr\u00e8s trois semaines ? Ou vous avez l&rsquo;impression que vos nouvelles lunettes n&rsquo;ont pas la bonne prescription ? <a href=\"https:\/\/www.pearle.be\/fr_BE\/fixez-un-rendez-vous\">Prenez ensuite un rendez-vous chez l&rsquo;opticien.<\/a><\/p>\n\n\n\n<h3 class=\"wp-block-heading\"><strong>3 conseils pour s&rsquo;habituer \u00e0 de nouvelles lunettes<\/strong><\/h3>\n\n\n\n<p>Vos nouvelles lunettes vous causent-elles des plaintes telles que des maux de t\u00eate, des naus\u00e9es ou des vertiges ? Ces conseils vous aideront \u00e0 acc\u00e9l\u00e9rer le processus d&rsquo;adaptation :<\/p>\n\n\n\n<ul class=\"wp-block-list\">\n<li><strong>Conseil n\u00b0 1 <\/strong>: portez vos nouvelles lunettes le plus souvent possible. De cette fa\u00e7on, vos yeux s&rsquo;habitueront le plus rapidement possible \u00e0 vos nouvelles lunettes.<br><\/li>\n\n\n\n<li><strong>Conseil n\u00b0 2 <\/strong>: ne vous contentez pas de vos anciennes lunettes ou lentilles. Si vous le faites, vos yeux doivent s&rsquo;habituer \u00e0 la nouvelle situation \u00e0 chaque fois. Cela ralentit le processus d&rsquo;ajustement.<br><\/li>\n\n\n\n<li><strong>Conseil n\u00b0 3<\/strong> : prenez votre temps. La p\u00e9riode d&rsquo;adaptation diff\u00e8re d&rsquo;une personne \u00e0 l&rsquo;autre et peut durer de quelques jours \u00e0 quelques semaines. Par cons\u00e9quent, donnez \u00e0 vos yeux au moins une et jusqu&rsquo;\u00e0 trois ou quatre semaines.<\/li>\n<\/ul>\n\n\n\n<figure class=\"wp-block-gallery has-nested-images columns-default is-cropped wp-block-gallery-1 is-layout-flex wp-block-gallery-is-layout-flex\">\n<figure class=\"wp-block-image size-large\"><img loading=\"lazy\" decoding=\"async\" width=\"800\" height=\"355\" data-id=\"5167\" src=\"https:\/\/blog.pearle.be\/wp-content\/uploads\/2019\/04\/Blog-160119-Vrouw-met-bril-kijkt-bedenkelijk-Pearle-Opticiens.jpg\" alt=\"Blog-160119-Vrouw-met-bril-kijkt-bedenkelijk-Pearle-Opticiens\" class=\"wp-image-5167\" srcset=\"https:\/\/blog.pearle.be\/wp-content\/uploads\/2019\/04\/Blog-160119-Vrouw-met-bril-kijkt-bedenkelijk-Pearle-Opticiens.jpg 800w, https:\/\/blog.pearle.be\/wp-content\/uploads\/2019\/04\/Blog-160119-Vrouw-met-bril-kijkt-bedenkelijk-Pearle-Opticiens-300x133.jpg 300w, https:\/\/blog.pearle.be\/wp-content\/uploads\/2019\/04\/Blog-160119-Vrouw-met-bril-kijkt-bedenkelijk-Pearle-Opticiens-300x133@2x.jpg 600w\" sizes=\"(max-width: 800px) 100vw, 800px\" \/><\/figure>\n<\/figure>\n\n\n\n<a name=\"ne-pas-habituer\"><\/a>\n\n\n\n<h2 class=\"wp-block-heading\"><strong><strong>Que faire si vous n&rsquo;arrivez pas \u00e0 vous habituer \u00e0 vos nouvelles lunettes ?<\/strong><\/strong><\/h2>\n\n\n\n<p>Avez-vous encore des sympt\u00f4mes apr\u00e8s trois ou quatre semaines ? Alors, il y a peut-\u00eatre plusieurs choses qui ne vont pas chez vous :<\/p>\n\n\n\n<h3 class=\"wp-block-heading\">1. <strong><strong>L&rsquo;objectif n&rsquo;est pas droit devant la pupille.<\/strong><\/strong><\/h3>\n\n\n\n<p>Pour une vision optimale, le centre de la lentille se trouve directement en face de la pupille. Avec des lunettes mal centr\u00e9es, vous ressentez un effet prismatique : l&rsquo;image se d\u00e9place, et vos yeux ont du mal \u00e0 garder les images ensemble. Cela peut provoquer des maux de t\u00eate.<\/p>\n\n\n\n<p>Visitez un <a href=\"https:\/\/www.pearle.be\/fr_BE\/magasins\">Opticien Pearle dans votre r\u00e9gion<\/a>. L&rsquo;opticien repositionnera ensuite les lentilles et s&rsquo;assurera que le centre est perpendiculaire \u00e0 votre pupille. Ensuite, avec un peu de chance, vous serez bient\u00f4t d\u00e9barrass\u00e9 de vos plaintes.<\/p>\n\n\n\n<h3 class=\"wp-block-heading\">2. <strong>Vous ne portez pas les bonnes lunettes<\/strong><\/h3>\n\n\n\n<p>Souffrez-vous de <a href=\"https:\/\/www.pearle.be\/fr_BE\/soin-oculaire\/fatigue-oculaire\">fatigue oculaire<\/a> ? Alors vous portez peut-\u00eatre la mauvaise prescription. En plus de la fatigue oculaire, cela peut entra\u00eener une vision double, des maux de t\u00eate, des douleurs au cou et des vertiges. Vous pouvez \u00e9galement souffrir de br\u00fblures ou de d\u00e9mangeaisons des yeux.\u00a0<\/p>\n\n\n\n<p>Faites toujours mesurer vos yeux avant d&rsquo;acheter de nouvelles lunettes. Cela vous \u00e9vite de porter une mauvaise prescription. Cela s&rsquo;applique \u00e9galement lorsque vous passez des lentilles de contact aux lunettes. Avez-vous fait une mesure des yeux ? Alors il pourrait y avoir une surcorrection. La surcorrection se mesure en myopie, hyperm\u00e9tropie et astigmatisme et peut provoquer des maux de t\u00eate.<\/p>\n\n\n\n<p><a href=\"https:\/\/www.pearle.be\/fr_BE\/fixez-un-rendez-vous\">Prenez rendez-vous<\/a> chez un opticien Pearle dans votre r\u00e9gion. Nous serons heureux de vous aider.<\/p>\n\n\n\n<h3 class=\"wp-block-heading\">3. <strong>Vos lunettes ne sont pas correctement ajust\u00e9es<\/strong><\/h3>\n\n\n\n<p>Non seulement vos yeux, mais aussi votre visage doivent s&rsquo;habituer aux lunettes. Bien qu&rsquo;elles soient aujourd&rsquo;hui l\u00e9g\u00e8res comme une plume et qu&rsquo;elles soient personnalis\u00e9es par l&rsquo;opticien, il se peut que vous ayez encore quelques plaintes. Nous les expliquons ci-dessous.<\/p>\n\n\n\n<p><strong>Empreintes sur le nez des coussins nasaux<\/strong><\/p>\n\n\n\n<p>Voyez-vous des marques rouges sur votre nez apr\u00e8s avoir enlev\u00e9 vos lunettes ? Ensuite, les plaquettes de nez appuient trop sur la peau parce que vos lunettes ne sont pas ajust\u00e9es correctement. Dans ce cas, vos lunettes sont trop serr\u00e9es.&nbsp;Il est temps de retourner chez l&rsquo;opticien ! Il les ajustera ou les remplacera si n\u00e9cessaire. <a href=\"https:\/\/www.pearle.be\/fr_BE\/service\/garantie-vision\">Chez Pearle, vous pouvez toujours demander un entretien !<\/a><\/p>\n\n\n\n<p><strong>Maux de t\u00eate caus\u00e9s par l&rsquo;\u00e9crasement des montures de lunettes<\/strong><\/p>\n\n\n\n<p>Le pincement des branches de lunettes qui appuient sur le cuir chevelu est \u00e0 la fois douloureux et indique que le r\u00e9glage des lunettes n&rsquo;est pas correct. Malheureusement, vous le remarquez quelques heures apr\u00e8s avoir port\u00e9 vos nouvelles lunettes (et non lorsque vous les essayez dans le magasin).<\/p>\n\n\n\n<p>L&rsquo;opticien r\u00e9soudra \u00e9galement ce probl\u00e8me. Il regarde la position de vos oreilles et de votre nez et \u00e9tudie la forme de votre visage. Ensuite, il plie soigneusement les branches des lunettes pour un ajustement parfait.<\/p>\n\n\n\n<p>Attention : n&rsquo;essayez pas d&rsquo;ajuster vos lunettes vous-m\u00eame. Si, par exemple, une jambe se casse, cela n&rsquo;est pas couvert par notre <a href=\"https:\/\/www.pearle.be\/fr_BE\/service\/g-n-ral\">garantie de qualit\u00e9<\/a>. Par cons\u00e9quent, faites toujours ajuster vos lunettes par un sp\u00e9cialiste.&nbsp;<\/p>\n\n\n\n<div class=\"artikel-btn\" style=\"text-align: center;\"><a class=\"button\" href=\"https:\/\/www.pearle.be\/fr_BE\/fixez-un-rendez-vous\" rel=\"noopener\">Prenez un rendez-vous<\/a><\/div>\n","protected":false},"excerpt":{"rendered":"<p>Une nouvelle paire de lunettes n&rsquo;est pas toujours exempte de r\u00e9clamations. Apr\u00e8s tout, vos yeux doivent s&rsquo;habituer \u00e0 cette nouvelle fa\u00e7on de voir. Vous pouvez alors souffrir de maux de t\u00eate, de naus\u00e9es ou de vertiges pendant un certain temps. Mais combien de temps dure cette p\u00e9riode d&rsquo;adaptation, pouvez-vous y faire quelque chose et que<\/p>\n<div class=\"read-more\"><a href=\"https:\/\/blog.pearle.be\/fr\/premiereslunettes\/des-problemes-avec-vos-nouvelles-lunettes\/\" title=\"Read More\">Lees meer<i class=\"icon icon-angle-right\"><\/i><\/a><\/div>\n","protected":false},"author":2,"featured_media":5346,"comment_status":"closed","ping_status":"closed","sticky":false,"template":"","format":"standard","meta":{"_acf_changed":false,"jetpack_post_was_ever_published":false,"_jetpack_newsletter_access":"","_jetpack_dont_email_post_to_subs":false,"_jetpack_newsletter_tier_id":0,"_jetpack_memberships_contains_paywalled_content":false,"_jetpack_memberships_contains_paid_content":false,"footnotes":""},"categories":[36],"tags":[],"class_list":{"0":"post-5345","1":"post","2":"type-post","3":"status-publish","4":"format-standard","5":"has-post-thumbnail","7":"category-premiereslunettes"},"acf":[],"yoast_head":"<!-- This site is optimized with the Yoast SEO plugin v23.4 - https:\/\/yoast.com\/wordpress\/plugins\/seo\/ -->\n<title>Habituez \u00e0 de nouvelles lunettes ? Conseils et astuces ! - Pearle Opticiens Blog<\/title>\n<meta name=\"description\" content=\"Porter de nouvelles lunettes n\u2019est pas sans mal. Vos yeux doivent en effet s\u2019habituer un peu \u00e0 cette nouvelle fa\u00e7on de regarder.\" \/>\n<meta name=\"robots\" content=\"index, follow, max-snippet:-1, max-image-preview:large, max-video-preview:-1\" \/>\n<link rel=\"canonical\" href=\"https:\/\/blog.pearle.be\/fr\/premiereslunettes\/des-problemes-avec-vos-nouvelles-lunettes\/\" \/>\n<meta property=\"og:locale\" content=\"fr_FR\" \/>\n<meta property=\"og:type\" content=\"article\" \/>\n<meta property=\"og:title\" content=\"Habituez \u00e0 de nouvelles lunettes ? Conseils et astuces ! - Pearle Opticiens Blog\" \/>\n<meta property=\"og:description\" content=\"Porter de nouvelles lunettes n\u2019est pas sans mal. Vos yeux doivent en effet s\u2019habituer un peu \u00e0 cette nouvelle fa\u00e7on de regarder.\" \/>\n<meta property=\"og:url\" content=\"https:\/\/blog.pearle.be\/fr\/premiereslunettes\/des-problemes-avec-vos-nouvelles-lunettes\/\" \/>\n<meta property=\"og:site_name\" content=\"Pearle Opticiens Blog\" \/>\n<meta property=\"article:published_time\" content=\"2019-09-18T14:15:42+00:00\" \/>\n<meta property=\"article:modified_time\" content=\"2022-12-12T10:16:04+00:00\" \/>\n<meta property=\"og:image\" content=\"https:\/\/blog.pearle.be\/wp-content\/uploads\/2019\/09\/PBE-2190911-klachten-nieuwe-bril.jpg\" \/>\n\t<meta property=\"og:image:width\" content=\"1400\" \/>\n\t<meta property=\"og:image:height\" content=\"534\" \/>\n\t<meta property=\"og:image:type\" content=\"image\/jpeg\" \/>\n<meta name=\"author\" content=\"pearle opticiens\" \/>\n<meta name=\"twitter:card\" content=\"summary_large_image\" \/>\n<meta name=\"twitter:label1\" content=\"\u00c9crit par\" \/>\n\t<meta name=\"twitter:data1\" content=\"pearle opticiens\" \/>\n\t<meta name=\"twitter:label2\" content=\"Dur\u00e9e de lecture est.\" \/>\n\t<meta name=\"twitter:data2\" content=\"9 minutes\" \/>\n<script type=\"application\/ld+json\" class=\"yoast-schema-graph\">{\"@context\":\"https:\/\/schema.org\",\"@graph\":[{\"@type\":\"WebPage\",\"@id\":\"https:\/\/blog.pearle.be\/fr\/premiereslunettes\/des-problemes-avec-vos-nouvelles-lunettes\/\",\"url\":\"https:\/\/blog.pearle.be\/fr\/premiereslunettes\/des-problemes-avec-vos-nouvelles-lunettes\/\",\"name\":\"Habituez \u00e0 de nouvelles lunettes ? Conseils et astuces ! - Pearle Opticiens Blog\",\"isPartOf\":{\"@id\":\"https:\/\/blog.pearle.be\/nl\/#website\"},\"primaryImageOfPage\":{\"@id\":\"https:\/\/blog.pearle.be\/fr\/premiereslunettes\/des-problemes-avec-vos-nouvelles-lunettes\/#primaryimage\"},\"image\":{\"@id\":\"https:\/\/blog.pearle.be\/fr\/premiereslunettes\/des-problemes-avec-vos-nouvelles-lunettes\/#primaryimage\"},\"thumbnailUrl\":\"https:\/\/blog.pearle.be\/wp-content\/uploads\/2019\/09\/PBE-2190911-klachten-nieuwe-bril.jpg\",\"datePublished\":\"2019-09-18T14:15:42+00:00\",\"dateModified\":\"2022-12-12T10:16:04+00:00\",\"author\":{\"@id\":\"https:\/\/blog.pearle.be\/nl\/#\/schema\/person\/1fa49826d86dd48e7184a756d7af5361\"},\"description\":\"Porter de nouvelles lunettes n\u2019est pas sans mal. Vos yeux doivent en effet s\u2019habituer un peu \u00e0 cette nouvelle fa\u00e7on de regarder.\",\"inLanguage\":\"fr-BE\",\"potentialAction\":[{\"@type\":\"ReadAction\",\"target\":[\"https:\/\/blog.pearle.be\/fr\/premiereslunettes\/des-problemes-avec-vos-nouvelles-lunettes\/\"]}]},{\"@type\":\"ImageObject\",\"inLanguage\":\"fr-BE\",\"@id\":\"https:\/\/blog.pearle.be\/fr\/premiereslunettes\/des-problemes-avec-vos-nouvelles-lunettes\/#primaryimage\",\"url\":\"https:\/\/blog.pearle.be\/wp-content\/uploads\/2019\/09\/PBE-2190911-klachten-nieuwe-bril.jpg\",\"contentUrl\":\"https:\/\/blog.pearle.be\/wp-content\/uploads\/2019\/09\/PBE-2190911-klachten-nieuwe-bril.jpg\",\"width\":1400,\"height\":534},{\"@type\":\"WebSite\",\"@id\":\"https:\/\/blog.pearle.be\/nl\/#website\",\"url\":\"https:\/\/blog.pearle.be\/nl\/\",\"name\":\"Pearle Opticiens Blog\",\"description\":\"\",\"potentialAction\":[{\"@type\":\"SearchAction\",\"target\":{\"@type\":\"EntryPoint\",\"urlTemplate\":\"https:\/\/blog.pearle.be\/nl\/?s={search_term_string}\"},\"query-input\":{\"@type\":\"PropertyValueSpecification\",\"valueRequired\":true,\"valueName\":\"search_term_string\"}}],\"inLanguage\":\"fr-BE\"},{\"@type\":\"Person\",\"@id\":\"https:\/\/blog.pearle.be\/nl\/#\/schema\/person\/1fa49826d86dd48e7184a756d7af5361\",\"name\":\"pearle opticiens\",\"image\":{\"@type\":\"ImageObject\",\"inLanguage\":\"fr-BE\",\"@id\":\"https:\/\/blog.pearle.be\/nl\/#\/schema\/person\/image\/\",\"url\":\"https:\/\/secure.gravatar.com\/avatar\/8aac2f8044141708c95b03b4b1927f5a?s=96&d=mm&r=g\",\"contentUrl\":\"https:\/\/secure.gravatar.com\/avatar\/8aac2f8044141708c95b03b4b1927f5a?s=96&d=mm&r=g\",\"caption\":\"pearle opticiens\"},\"url\":\"https:\/\/blog.pearle.be\/fr\/author\/johnny\/\"}]}<\/script>\n<!-- \/ Yoast SEO plugin. -->","yoast_head_json":{"title":"Habituez \u00e0 de nouvelles lunettes ? Conseils et astuces ! - Pearle Opticiens Blog","description":"Porter de nouvelles lunettes n\u2019est pas sans mal. Vos yeux doivent en effet s\u2019habituer un peu \u00e0 cette nouvelle fa\u00e7on de regarder.","robots":{"index":"index","follow":"follow","max-snippet":"max-snippet:-1","max-image-preview":"max-image-preview:large","max-video-preview":"max-video-preview:-1"},"canonical":"https:\/\/blog.pearle.be\/fr\/premiereslunettes\/des-problemes-avec-vos-nouvelles-lunettes\/","og_locale":"fr_FR","og_type":"article","og_title":"Habituez \u00e0 de nouvelles lunettes ? Conseils et astuces ! - Pearle Opticiens Blog","og_description":"Porter de nouvelles lunettes n\u2019est pas sans mal. Vos yeux doivent en effet s\u2019habituer un peu \u00e0 cette nouvelle fa\u00e7on de regarder.","og_url":"https:\/\/blog.pearle.be\/fr\/premiereslunettes\/des-problemes-avec-vos-nouvelles-lunettes\/","og_site_name":"Pearle Opticiens Blog","article_published_time":"2019-09-18T14:15:42+00:00","article_modified_time":"2022-12-12T10:16:04+00:00","og_image":[{"width":1400,"height":534,"url":"https:\/\/blog.pearle.be\/wp-content\/uploads\/2019\/09\/PBE-2190911-klachten-nieuwe-bril.jpg","type":"image\/jpeg"}],"author":"pearle opticiens","twitter_card":"summary_large_image","twitter_misc":{"\u00c9crit par":"pearle opticiens","Dur\u00e9e de lecture est.":"9 minutes"},"schema":{"@context":"https:\/\/schema.org","@graph":[{"@type":"WebPage","@id":"https:\/\/blog.pearle.be\/fr\/premiereslunettes\/des-problemes-avec-vos-nouvelles-lunettes\/","url":"https:\/\/blog.pearle.be\/fr\/premiereslunettes\/des-problemes-avec-vos-nouvelles-lunettes\/","name":"Habituez \u00e0 de nouvelles lunettes ? Conseils et astuces ! - Pearle Opticiens Blog","isPartOf":{"@id":"https:\/\/blog.pearle.be\/nl\/#website"},"primaryImageOfPage":{"@id":"https:\/\/blog.pearle.be\/fr\/premiereslunettes\/des-problemes-avec-vos-nouvelles-lunettes\/#primaryimage"},"image":{"@id":"https:\/\/blog.pearle.be\/fr\/premiereslunettes\/des-problemes-avec-vos-nouvelles-lunettes\/#primaryimage"},"thumbnailUrl":"https:\/\/blog.pearle.be\/wp-content\/uploads\/2019\/09\/PBE-2190911-klachten-nieuwe-bril.jpg","datePublished":"2019-09-18T14:15:42+00:00","dateModified":"2022-12-12T10:16:04+00:00","author":{"@id":"https:\/\/blog.pearle.be\/nl\/#\/schema\/person\/1fa49826d86dd48e7184a756d7af5361"},"description":"Porter de nouvelles lunettes n\u2019est pas sans mal. Vos yeux doivent en effet s\u2019habituer un peu \u00e0 cette nouvelle fa\u00e7on de regarder.","inLanguage":"fr-BE","potentialAction":[{"@type":"ReadAction","target":["https:\/\/blog.pearle.be\/fr\/premiereslunettes\/des-problemes-avec-vos-nouvelles-lunettes\/"]}]},{"@type":"ImageObject","inLanguage":"fr-BE","@id":"https:\/\/blog.pearle.be\/fr\/premiereslunettes\/des-problemes-avec-vos-nouvelles-lunettes\/#primaryimage","url":"https:\/\/blog.pearle.be\/wp-content\/uploads\/2019\/09\/PBE-2190911-klachten-nieuwe-bril.jpg","contentUrl":"https:\/\/blog.pearle.be\/wp-content\/uploads\/2019\/09\/PBE-2190911-klachten-nieuwe-bril.jpg","width":1400,"height":534},{"@type":"WebSite","@id":"https:\/\/blog.pearle.be\/nl\/#website","url":"https:\/\/blog.pearle.be\/nl\/","name":"Pearle Opticiens Blog","description":"","potentialAction":[{"@type":"SearchAction","target":{"@type":"EntryPoint","urlTemplate":"https:\/\/blog.pearle.be\/nl\/?s={search_term_string}"},"query-input":{"@type":"PropertyValueSpecification","valueRequired":true,"valueName":"search_term_string"}}],"inLanguage":"fr-BE"},{"@type":"Person","@id":"https:\/\/blog.pearle.be\/nl\/#\/schema\/person\/1fa49826d86dd48e7184a756d7af5361","name":"pearle opticiens","image":{"@type":"ImageObject","inLanguage":"fr-BE","@id":"https:\/\/blog.pearle.be\/nl\/#\/schema\/person\/image\/","url":"https:\/\/secure.gravatar.com\/avatar\/8aac2f8044141708c95b03b4b1927f5a?s=96&d=mm&r=g","contentUrl":"https:\/\/secure.gravatar.com\/avatar\/8aac2f8044141708c95b03b4b1927f5a?s=96&d=mm&r=g","caption":"pearle opticiens"},"url":"https:\/\/blog.pearle.be\/fr\/author\/johnny\/"}]}},"jetpack_sharing_enabled":true,"jetpack_featured_media_url":"https:\/\/blog.pearle.be\/wp-content\/uploads\/2019\/09\/PBE-2190911-klachten-nieuwe-bril.jpg","jetpack_shortlink":"https:\/\/wp.me\/p9xp9E-1od","_links":{"self":[{"href":"https:\/\/blog.pearle.be\/fr\/wp-json\/wp\/v2\/posts\/5345\/"}],"collection":[{"href":"https:\/\/blog.pearle.be\/fr\/wp-json\/wp\/v2\/posts\/"}],"about":[{"href":"https:\/\/blog.pearle.be\/fr\/wp-json\/wp\/v2\/types\/post\/"}],"author":[{"embeddable":true,"href":"https:\/\/blog.pearle.be\/fr\/wp-json\/wp\/v2\/users\/2\/"}],"replies":[{"embeddable":true,"href":"https:\/\/blog.pearle.be\/fr\/wp-json\/wp\/v2\/comments\/?post=5345"}],"version-history":[{"count":14,"href":"https:\/\/blog.pearle.be\/fr\/wp-json\/wp\/v2\/posts\/5345\/revisions\/"}],"predecessor-version":[{"id":6099,"href":"https:\/\/blog.pearle.be\/fr\/wp-json\/wp\/v2\/posts\/5345\/revisions\/6099\/"}],"wp:featuredmedia":[{"embeddable":true,"href":"https:\/\/blog.pearle.be\/fr\/wp-json\/wp\/v2\/media\/5346\/"}],"wp:attachment":[{"href":"https:\/\/blog.pearle.be\/fr\/wp-json\/wp\/v2\/media\/?parent=5345"}],"wp:term":[{"taxonomy":"category","embeddable":true,"href":"https:\/\/blog.pearle.be\/fr\/wp-json\/wp\/v2\/categories\/?post=5345"},{"taxonomy":"post_tag","embeddable":true,"href":"https:\/\/blog.pearle.be\/fr\/wp-json\/wp\/v2\/tags\/?post=5345"}],"curies":[{"name":"wp","href":"https:\/\/api.w.org\/{rel}","templated":true}]}}